{"id":1017,"date":"2024-11-29T13:06:23","date_gmt":"2024-11-29T12:06:23","guid":{"rendered":"https:\/\/www.rocml.org\/References-ML\/?p=1017"},"modified":"2024-12-11T21:09:13","modified_gmt":"2024-12-11T20:09:13","slug":"kpd-sachsen-1923-09-gouvernement-social-democrate-communiste-extraits","status":"publish","type":"post","link":"https:\/\/www.rocml.org\/References-ML\/kpd-sachsen-1923-09-gouvernement-social-democrate-communiste-extraits\/","title":{"rendered":"Direction r\u00e9gionale Sachsen du KPD : Programme relatif \u00e0 la formation d&rsquo;un gouvernement social-d\u00e9mocrate-communiste en Sachsen (extraits)"},"content":{"rendered":"<div class=WordSection1> <p class=Texte align=left style='margin-bottom:0cm;margin-bottom:.0001pt; text-align:left;text-indent:0cm;line-height:3.0pt'><span style='font-size:3.0pt; color:white'><!--more --><\/span><\/p><p class=rocmlIntertitre2art style='margin-top:0cm'><\/p> <div align=center> <table class=MsoTableGrid border=1 cellspacing=0 cellpadding=0 style='border-collapse:collapse;border:none'> <tr> <td width=756 nowrap valign=top style='width:16.0cm;border:solid windowtext 1.0pt; border-bottom:none;padding:5.65pt 14.2pt 5.65pt 14.2pt'> <p class=Intertitre2 style='margin:0cm;margin-bottom:.0001pt'><span style='color:#E36C0A'>Direction r\u00e9gionale Sachsen du KPD,<br> groupe du KPD au Landtag de Sachsen<\/span><\/p> <\/td> <\/tr> <tr> <td width=756 nowrap valign=top style='width:16.0cm;border-top:none; border-left:solid windowtext 1.0pt;border-bottom:none;border-right:solid windowtext 1.0pt; padding:5.65pt 14.2pt 5.65pt 14.2pt'> <p class=Intertitre2 style='margin:0cm;margin-bottom:.0001pt'>Programme relatif \u00e0 la formation d&rsquo;un<br> gouvernement social-d\u00e9mocrate-communiste<br> en Sachsen<br> (Extraits)<\/p> <\/td> <\/tr> <tr> <td width=756 nowrap valign=top style='width:16.0cm;border:solid windowtext 1.0pt; border-top:none;padding:5.65pt 14.2pt 5.65pt 14.2pt'> <p class=Intertitre2a style='margin:0cm;margin-bottom:.0001pt;line-height: 12.0pt'><span style='font-size:11.0pt'>29 septembre 1923<\/span><\/p> <\/td> <\/tr> <tr> <td width=756 valign=top style='width:16.0cm;border:solid windowtext 1.0pt; border-top:none;padding:5.65pt 14.2pt 5.65pt 14.2pt'> <p class=Texte align=left style='margin-bottom:0cm;margin-bottom:.0001pt; text-align:left;text-indent:0cm;line-height:12.0pt'><span style='font-size: 11.0pt'>Source&nbsp;:<br> <\/span><span lang=DE style='font-size:11.0pt'>Institut f\u00fcr Marxismus-Leninismus beim ZK der SED (Hg.): Dokumente und Materialien zur Geschichte der deutschen Arbeiterbewegung &#8211; Reihe&nbsp;2 &#8211; Band&nbsp;7 &#8211; Februar 1919&#8209;Dezember 1923 &#8211; Halbband&nbsp;2 &#8211; Januar 1922&#8209;Dezember 1923. Berlin, Dietz, 1966, S.&nbsp;437&#8209;438&nbsp;<a href=\"#_edn1\" name=\"_ednref1\" title=\"\"><span class=MsoEndnoteReference><span class=MsoEndnoteReference><span lang=DE style='font-size:11.0pt;font-family: \"Garamond\",\"serif\"'>[1]<\/span><\/span><\/span><\/a>.<\/span><\/p> <p class=Texte align=left style='margin-bottom:0cm;margin-bottom:.0001pt; text-align:left;text-indent:0cm;line-height:12.0pt'><span style='font-size: 11.0pt'>[Nous reproduisons ce texte avec l\u2019accord du responsable du site <i>321ignition.free.fr<\/i>]<\/span><\/p> <\/td> <\/tr> <\/table> <\/div> <p class=MsoNormal align=center style='text-align:center'>&nbsp;<\/p> <p class=Texte>[&#8230;]<\/p> <p class=Texte>Le KPD a pris l&rsquo;initiative et, en renon\u00e7ant \u00e0 des revendications pr\u00e9c\u00e9dentes, propos\u00e9 un gouvernement commun form\u00e9 de social-d\u00e9mocrates et communistes.<\/p> <p class=Texte>La plate-forme pour un gouvernement ouvrier commun consiste en le programme d&rsquo;urgence qui doit \u00eatre r\u00e9alis\u00e9 imm\u00e9diatement:<\/p> <p class=Texte>1.&nbsp;Mobilisation imm\u00e9diate des masses. Proclamation commune \u00e0 l&rsquo;ensemble des travailleurs allemands. Convocation imm\u00e9diate du parlement r\u00e9gional.<\/p> <p class=Texte>2.&nbsp;Recours \u00e0 tous les moyens pour l&rsquo;\u00e9limination de l&rsquo;\u00e9tat d&rsquo;exception.<\/p> <p class=Texte>3.&nbsp;Renforcement, \u00e9largissement et armement des organisations de d\u00e9fense communes.<\/p> <p class=Texte>4.&nbsp;Protection de la fronti\u00e8re de Sachsen contre la Bavi\u00e8re par les organisations de d\u00e9fense communes.<\/p> <p class=Texte>5.&nbsp;Pour le soutien au gouvernement ouvrier, \u00e9tablissement imm\u00e9diat de comit\u00e9s d&rsquo;action communs pour la dur\u00e9e de l&rsquo;\u00e9tat d&rsquo;exception.<\/p> <p class=Texte>6.&nbsp;Pour la d\u00e9fense contre la dictature militaire fasciste pr\u00e9paratifs pour la mise en oeuvre de la gr\u00e8ve politique de masse.<\/p> <p class=Texte>7.&nbsp;Formation d&rsquo;un bloc de d\u00e9fense en Allemagne du centre Sachsen Th\u00fcringen pour la d\u00e9fense contre l&rsquo;attaque bavaroise-fasciste.<\/p> <p class=Texte>8.&nbsp;Mesures pour assurer l&rsquo;existence des ouvriers:<\/p> <p class=Texte>a)&nbsp;Octroi d&rsquo;un minimum d&rsquo;existence pour les sans-emploi, retrait\u00e9s b\u00e9n\u00e9ficiaires de la s\u00e9curit\u00e9 sociale et les personnes qui touchent des aides sociales, \u00e0 hauteur d&rsquo;au moins deux tiers d&rsquo;un salaire hebdomadaire moyen.<\/p> <p class=Texte>b)&nbsp;Octroi de cr\u00e9dits d&rsquo;\u00e9tat pour la continuation des entreprises ferm\u00e9es par les conseils d&rsquo;entreprise.<\/p> <p class=Texte>c)&nbsp;Garantie de l&rsquo;alimentation par la confiscation de la r\u00e9colte, accord imm\u00e9diat direct sur les c\u00e9r\u00e9ales avec la Russie sovi\u00e9tique;<\/p> <p class=Texte>d)&nbsp;Droit \u00e0 la confiscation pour les comit\u00e9s de contr\u00f4le;<\/p> <p class=Texte>e)&nbsp;Afin de procurer des moyens, cr\u00e9dits coercitifs et mise en gage de biens propri\u00e9t\u00e9 d&rsquo;\u00e9tat (\u00e0 l&rsquo;exclusion d&rsquo;entreprises d&rsquo;\u00e9tat).<\/p> <p class=Texte>9.&nbsp;La lutte la plus acharn\u00e9e contre la grande coalition et pour le gouvernement ouvrier au niveau du Reich.<\/p> <p class=Texte>[&#8230;]<\/p> <p class=Intertitre2a>Notes<\/p> <\/div> <div><br clear=all> <hr align=left size=1 width=\"33%\"> <div id=edn1> <p class=MsoEndnoteText style='text-align:justify'><a href=\"#_ednref1\" name=\"_edn1\" title=\"\"><span style='font-size:10.0pt;font-family:\"Garamond\",\"serif\"'>[1]<\/span><\/a>.&nbsp;[321ignition] Traduit de l&rsquo;allemand par nous.<\/p> <\/div> <\/div>\n <!--themify_builder_content-->\n<div id=\"themify_builder_content-1017\" data-postid=\"1017\" class=\"themify_builder_content themify_builder_content-1017 themify_builder tf_clear\">\n    <\/div>\n<!--\/themify_builder_content-->","protected":false},"excerpt":{"rendered":"","protected":false},"author":3,"featured_media":0,"comment_status":"closed","ping_status":"closed","sticky":false,"template":"","format":"standard","meta":{"footnotes":""},"categories":[7,9,32],"tags":[],"class_list":["post-1017","post","type-post","status-publish","format-standard","hentry","category-article-document","category-francais-document","category-kpd-documents","has-post-title","has-post-date","has-post-category","has-post-tag","has-post-comment","has-post-author",""],"builder_content":"","_links":{"self":[{"href":"https:\/\/www.rocml.org\/References-ML\/wp-json\/wp\/v2\/posts\/1017"}],"collection":[{"href":"https:\/\/www.rocml.org\/References-ML\/wp-json\/wp\/v2\/posts"}],"about":[{"href":"https:\/\/www.rocml.org\/References-ML\/wp-json\/wp\/v2\/types\/post"}],"author":[{"embeddable":true,"href":"https:\/\/www.rocml.org\/References-ML\/wp-json\/wp\/v2\/users\/3"}],"replies":[{"embeddable":true,"href":"https:\/\/www.rocml.org\/References-ML\/wp-json\/wp\/v2\/comments?post=1017"}],"version-history":[{"count":0,"href":"https:\/\/www.rocml.org\/References-ML\/wp-json\/wp\/v2\/posts\/1017\/revisions"}],"wp:attachment":[{"href":"https:\/\/www.rocml.org\/References-ML\/wp-json\/wp\/v2\/media?parent=1017"}],"wp:term":[{"taxonomy":"category","embeddable":true,"href":"https:\/\/www.rocml.org\/References-ML\/wp-json\/wp\/v2\/categories?post=1017"},{"taxonomy":"post_tag","embeddable":true,"href":"https:\/\/www.rocml.org\/References-ML\/wp-json\/wp\/v2\/tags?post=1017"}],"curies":[{"name":"wp","href":"https:\/\/api.w.org\/{rel}","templated":true}]}}